{"id":986,"date":"2021-06-18T13:00:56","date_gmt":"2021-06-18T13:00:56","guid":{"rendered":"http:\/\/development.clickhouse.pt\/as-vantagens-do-revestimento-em-cortica\/"},"modified":"2023-01-12T19:29:19","modified_gmt":"2023-01-12T19:29:19","slug":"as-vantagens-do-revestimento-em-cortica","status":"publish","type":"post","link":"https:\/\/clickhouse.pt\/es\/as-vantagens-do-revestimento-em-cortica\/","title":{"rendered":"[ES] As vantagens do revestimento em corti\u00e7a."},"content":{"rendered":"\r\n<p><strong>A corti\u00e7a<\/strong>\u00a0est\u00e1 a ser\u00a0cada vez mais usada na\u00a0<strong>constru\u00e7\u00e3o e na reabilita\u00e7\u00e3o urbana<\/strong>. Lu\u00eds Gil, engenheiro qu\u00edmico e especialista em tecnologia da corti\u00e7a \u2013 h\u00e1 mais de 30 anos que a investiga \u2013, diz que h\u00e1\u00a0<strong>v\u00e1rios benef\u00edcios em usar este material<\/strong>. Uma tend\u00eancia que \u201cdeve crescer nos pr\u00f3ximos anos a n\u00edvel nacional e internacional\u201d, revela ao\u00a0<strong>idealista\/news.<\/strong><\/p>\r\n\r\n\r\n\r\n<p>&nbsp;<\/p>\r\n\r\n\r\n\r\n<p>A primeira vantagem da corti\u00e7a \u00e9 ser, desde logo, um material natural\u00a0e\u00a0\u201cisso \u00e9 muito importante comparativamente a materiais sint\u00e9ticos\u201d, defende\u00a0Lu\u00eds Gil, autor do\u00a0<strong>livro \u201cCorti\u00e7a na Constru\u00e7\u00e3o Sustent\u00e1vel e Energeticamente Eficiente\u201d<\/strong>,\u00a0apresentado ontem (dia 17) na Ordem dos Engenheiros-Regi\u00e3o Norte, no Porto.<\/p>\r\n\r\n\r\n\r\n<p>&nbsp;<\/p>\r\n\r\n\r\n\r\n<p>\u201cAl\u00e9m disso tem caracter\u00edsticas t\u00e3o boas ou melhores que os materiais concorrentes para aplica\u00e7\u00f5es na constru\u00e7\u00e3o. Tem todas as vantagens em ser aplicada. Neste momento, um dos conceitos que est\u00e1 mais em voga \u00e9 o\u00a0do \u2018<strong>green building<\/strong>\u2019, que aponta para a\u00a0<strong>utiliza\u00e7\u00e3o de materiais que sejam energeticamente eficientes e sustent\u00e1veis, que \u00e9 o caso da corti\u00e7a<\/strong>\u201d, acrescenta o respons\u00e1vel.<\/p>\r\n\r\n\r\n\r\n<p>&nbsp;<\/p>\r\n\r\n\r\n\r\n<p>O\u00a0<strong>isolamento t\u00e9rmico<\/strong>\u00a0\u00e9 apenas um dos campos de aplica\u00e7\u00e3o da corti\u00e7a no setor da constru\u00e7\u00e3o, diz o especialista,\u00a0revelando que esta tamb\u00e9m \u00e9 importante nos\u00a0<strong>isolamentos ac\u00fasticos e vibr\u00e1ticos<\/strong>: \u201cOu seja, tudo o que s\u00e3o vibra\u00e7\u00f5es que podem ser transmitidas e que podem ser diminu\u00eddas com a utiliza\u00e7\u00e3o da corti\u00e7a.<\/p>\r\n\r\n\r\n\r\n<p>&nbsp;<\/p>\r\n\r\n\r\n\r\n<figure class=\"wp-block-image is-resized is-style-default\"><img decoding=\"async\" src=\"https:\/\/scontent.fopo3-2.fna.fbcdn.net\/v\/t1.6435-9\/75348982_2878756632148411_381879015599767552_n.jpg?_nc_cat=100&amp;ccb=1-3&amp;_nc_sid=8bfeb9&amp;_nc_ohc=lPSa3pKY_X4AX-WWo8y&amp;_nc_ht=scontent.fopo3-2.fna&amp;oh=5b7ac7be7d3f41046b242f659be7628c&amp;oe=60D18BFE\" alt=\"Nenhuma descri\u00e7\u00e3o de foto dispon\u00edvel.\" width=\"540\" height=\"720\" \/><\/figure>\r\n\r\n\r\n\r\n<p>Tamb\u00e9m na \u00e1rea dos<strong>\u00a0revestimentos<\/strong>, sobretudo ch\u00e3o e paredes, a corti\u00e7a traz muitos benef\u00edcios. \u201cN\u00e3o \u00e9 s\u00f3 o aspeto est\u00e9tico que est\u00e1 em jogo, mas tamb\u00e9m a diminui\u00e7\u00e3o de transmiss\u00e3o de som com repercuss\u00e3o, algum isolamento antivibr\u00e1tico e uma parte de isolamento t\u00e9rmico que estes pr\u00f3prios revestimentos conferem. Al\u00e9m disso h\u00e1 um aspeto importante que \u00e9 a agradabilidade ao toque que a corti\u00e7a tem. Em muitos pa\u00edses onde \u00e9 habitual andar descal\u00e7o em casa a corti\u00e7a tem uma vantagem tremenda, que \u00e9\u00a0<strong>ser muito mais confort\u00e1vel\u00a0<\/strong>que outros revestimentos\u201d, conta.<\/p>\r\n\r\n\r\n\r\n<p>&nbsp;<\/p>\r\n\r\n\r\n\r\n<blockquote class=\"wp-block-quote is-layout-flow wp-block-quote-is-layout-flow\">Os arquitetos e engenheiros em Portugal t\u00eam usado este material nacional cada vez com maior intensidade, inclusivamente em aplica\u00e7\u00f5es inovadoras<\/blockquote>\r\n\r\n\r\n\r\n<p>Segundo Lu\u00eds Gil, h\u00e1 produtos de corti\u00e7a para a constru\u00e7\u00e3o civil h\u00e1 dezenas de anos, sendo que \u201cos arquitetos e engenheiros em Portugal t\u00eam usado este material nacional cada vez com maior intensidade, inclusivamente em aplica\u00e7\u00f5es inovadoras\u201d. \u201c<strong>Temos agora muitas constru\u00e7\u00f5es em que a corti\u00e7a \u00e9 um elemento excelente e est\u00e1 muitas vezes \u00e0 vista<\/strong>. Ultimamente tem aparecido mais \u00e0 vista, o que \u00e9 importante do ponto de vista est\u00e9tico\u201d, conta.<\/p>\r\n\r\n\r\n\r\n<p>&nbsp;<\/p>\r\n\r\n\r\n\r\n<p>Quando questionado sobre os\u00a0<strong>custos<\/strong>\u00a0de usar corti\u00e7a no setor, o especialista considera que o barato pode sair caro, e explica porqu\u00ea: \u201cOs custos dos produtos de corti\u00e7a podem ser ligeiramente superiores a outros mais tradicionais, mas h\u00e1 um fator a ter em conta: h\u00e1 isolamentos t\u00e9rmicos que colocados em determinados produtos sint\u00e9ticos daqui a dezenas de anos estar\u00e3o degradados e n\u00e3o ter\u00e3o a fun\u00e7\u00e3o de isolamento t\u00e9rmico, ou seja,\u00a0<strong>um material mais barato perde a capacidade de fazer esse isolamento t\u00e9rmico<\/strong>. No caso da corti\u00e7a houve estudos que conclu\u00edram que passados 50 anos o isolamento t\u00e9rmico estava como novo\u201d.<\/p>\r\n","protected":false},"excerpt":{"rendered":"<p>A corti\u00e7a\u00a0est\u00e1 a ser\u00a0cada vez mais usada na\u00a0constru\u00e7\u00e3o e na reabilita\u00e7\u00e3o urbana. Lu\u00eds Gil, engenheiro qu\u00edmico e especialista em tecnologia da corti\u00e7a \u2013 h\u00e1 mais de 30 anos que a &#8230;<\/p>\n","protected":false},"author":1,"featured_media":764,"comment_status":"open","ping_status":"open","sticky":false,"template":"","format":"standard","meta":{"footnotes":""},"categories":[5],"tags":[],"class_list":["post-986","post","type-post","status-publish","format-standard","has-post-thumbnail","hentry","category-sin-categorizar"],"acf":[],"yoast_head":"<!-- This site is optimized with the Yoast SEO plugin v20.0 - https:\/\/yoast.com\/wordpress\/plugins\/seo\/ -->\n<title>[ES] As vantagens do revestimento em corti\u00e7a. - Clickhouse - Arquitetura Modular<\/title>\n<meta name=\"robots\" content=\"index, follow, max-snippet:-1, max-image-preview:large, max-video-preview:-1\" \/>\n<link rel=\"canonical\" href=\"https:\/\/clickhouse.pt\/es\/as-vantagens-do-revestimento-em-cortica\/\" \/>\n<meta property=\"og:locale\" content=\"es_ES\" \/>\n<meta property=\"og:type\" content=\"article\" \/>\n<meta property=\"og:title\" content=\"[ES] As vantagens do revestimento em corti\u00e7a. - Clickhouse - Arquitetura Modular\" \/>\n<meta property=\"og:description\" content=\"A corti\u00e7a\u00a0est\u00e1 a ser\u00a0cada vez mais usada na\u00a0constru\u00e7\u00e3o e na reabilita\u00e7\u00e3o urbana. Lu\u00eds Gil, engenheiro qu\u00edmico e especialista em tecnologia da corti\u00e7a \u2013 h\u00e1 mais de 30 anos que a ...\" \/>\n<meta property=\"og:url\" content=\"https:\/\/clickhouse.pt\/es\/as-vantagens-do-revestimento-em-cortica\/\" \/>\n<meta property=\"og:site_name\" content=\"Clickhouse - Arquitetura Modular\" \/>\n<meta property=\"article:publisher\" content=\"https:\/\/www.facebook.com\/www.clickhouse.pt\/\" \/>\n<meta property=\"article:published_time\" content=\"2021-06-18T13:00:56+00:00\" \/>\n<meta property=\"article:modified_time\" content=\"2023-01-12T19:29:19+00:00\" \/>\n<meta property=\"og:image\" content=\"https:\/\/clickhouse.pt\/wp-content\/uploads\/2022\/12\/76695250_2878756618815079_2081421811127418880_n.jpg\" \/>\n\t<meta property=\"og:image:width\" content=\"960\" \/>\n\t<meta property=\"og:image:height\" content=\"720\" \/>\n\t<meta property=\"og:image:type\" content=\"image\/jpeg\" \/>\n<meta name=\"author\" content=\"simaaocruz\" \/>\n<meta name=\"twitter:card\" content=\"summary_large_image\" \/>\n<meta name=\"twitter:label1\" content=\"Escrito por\" \/>\n\t<meta name=\"twitter:data1\" content=\"simaaocruz\" \/>\n\t<meta name=\"twitter:label2\" content=\"Tiempo de lectura\" \/>\n\t<meta name=\"twitter:data2\" content=\"3 minutos\" \/>\n<script type=\"application\/ld+json\" class=\"yoast-schema-graph\">{\"@context\":\"https:\/\/schema.org\",\"@graph\":[{\"@type\":\"Article\",\"@id\":\"https:\/\/clickhouse.pt\/es\/as-vantagens-do-revestimento-em-cortica\/#article\",\"isPartOf\":{\"@id\":\"https:\/\/clickhouse.pt\/es\/as-vantagens-do-revestimento-em-cortica\/\"},\"author\":{\"name\":\"simaaocruz\",\"@id\":\"https:\/\/clickhouse.pt\/#\/schema\/person\/6f118a45afd106e90f7a3e5e2fb11a6a\"},\"headline\":\"[ES] As vantagens do revestimento em corti\u00e7a.\",\"datePublished\":\"2021-06-18T13:00:56+00:00\",\"dateModified\":\"2023-01-12T19:29:19+00:00\",\"mainEntityOfPage\":{\"@id\":\"https:\/\/clickhouse.pt\/es\/as-vantagens-do-revestimento-em-cortica\/\"},\"wordCount\":574,\"commentCount\":0,\"publisher\":{\"@id\":\"https:\/\/clickhouse.pt\/#organization\"},\"articleSection\":[\"Sin categorizar\"],\"inLanguage\":\"\",\"potentialAction\":[{\"@type\":\"CommentAction\",\"name\":\"Comment\",\"target\":[\"https:\/\/clickhouse.pt\/es\/as-vantagens-do-revestimento-em-cortica\/#respond\"]}]},{\"@type\":\"WebPage\",\"@id\":\"https:\/\/clickhouse.pt\/es\/as-vantagens-do-revestimento-em-cortica\/\",\"url\":\"https:\/\/clickhouse.pt\/es\/as-vantagens-do-revestimento-em-cortica\/\",\"name\":\"[ES] As vantagens do revestimento em corti\u00e7a. - Clickhouse - Arquitetura Modular\",\"isPartOf\":{\"@id\":\"https:\/\/clickhouse.pt\/#website\"},\"datePublished\":\"2021-06-18T13:00:56+00:00\",\"dateModified\":\"2023-01-12T19:29:19+00:00\",\"breadcrumb\":{\"@id\":\"https:\/\/clickhouse.pt\/es\/as-vantagens-do-revestimento-em-cortica\/#breadcrumb\"},\"inLanguage\":\"\",\"potentialAction\":[{\"@type\":\"ReadAction\",\"target\":[\"https:\/\/clickhouse.pt\/es\/as-vantagens-do-revestimento-em-cortica\/\"]}]},{\"@type\":\"BreadcrumbList\",\"@id\":\"https:\/\/clickhouse.pt\/es\/as-vantagens-do-revestimento-em-cortica\/#breadcrumb\",\"itemListElement\":[{\"@type\":\"ListItem\",\"position\":1,\"name\":\"In\u00edcio\",\"item\":\"https:\/\/clickhouse.pt\/es\/\"},{\"@type\":\"ListItem\",\"position\":2,\"name\":\"[ES] As vantagens do revestimento em corti\u00e7a.\"}]},{\"@type\":\"WebSite\",\"@id\":\"https:\/\/clickhouse.pt\/#website\",\"url\":\"https:\/\/clickhouse.pt\/\",\"name\":\"Clickhouse - Arquitetura Modular\",\"description\":\"Casasa Modulares\",\"publisher\":{\"@id\":\"https:\/\/clickhouse.pt\/#organization\"},\"potentialAction\":[{\"@type\":\"SearchAction\",\"target\":{\"@type\":\"EntryPoint\",\"urlTemplate\":\"https:\/\/clickhouse.pt\/?s={search_term_string}\"},\"query-input\":\"required name=search_term_string\"}],\"inLanguage\":\"\"},{\"@type\":\"Organization\",\"@id\":\"https:\/\/clickhouse.pt\/#organization\",\"name\":\"Clickhouse - Arquitetura Modular\",\"url\":\"https:\/\/clickhouse.pt\/\",\"logo\":{\"@type\":\"ImageObject\",\"inLanguage\":\"\",\"@id\":\"https:\/\/clickhouse.pt\/#\/schema\/logo\/image\/\",\"url\":\"https:\/\/clickhouse.pt\/wp-content\/uploads\/2022\/12\/clickhouse_full_desktop_logo.png\",\"contentUrl\":\"https:\/\/clickhouse.pt\/wp-content\/uploads\/2022\/12\/clickhouse_full_desktop_logo.png\",\"width\":270,\"height\":116,\"caption\":\"Clickhouse - Arquitetura Modular\"},\"image\":{\"@id\":\"https:\/\/clickhouse.pt\/#\/schema\/logo\/image\/\"},\"sameAs\":[\"https:\/\/www.youtube.com\/channel\/UCODADD6kbJcv807t962udLQ\",\"https:\/\/www.facebook.com\/www.clickhouse.pt\/\"]},{\"@type\":\"Person\",\"@id\":\"https:\/\/clickhouse.pt\/#\/schema\/person\/6f118a45afd106e90f7a3e5e2fb11a6a\",\"name\":\"simaaocruz\",\"image\":{\"@type\":\"ImageObject\",\"inLanguage\":\"\",\"@id\":\"https:\/\/clickhouse.pt\/#\/schema\/person\/image\/\",\"url\":\"https:\/\/secure.gravatar.com\/avatar\/f0f6ccc71c8d98d211a03000beb6d4ccb768b733507872b22a38113f0264eb7e?s=96&d=mm&r=g\",\"contentUrl\":\"https:\/\/secure.gravatar.com\/avatar\/f0f6ccc71c8d98d211a03000beb6d4ccb768b733507872b22a38113f0264eb7e?s=96&d=mm&r=g\",\"caption\":\"simaaocruz\"},\"sameAs\":[\"http:\/\/development.clickhouse.pt\"],\"url\":\"https:\/\/clickhouse.pt\/es\/author\/simaaocruz\/\"}]}<\/script>\n<!-- \/ Yoast SEO plugin. -->","yoast_head_json":{"title":"[ES] As vantagens do revestimento em corti\u00e7a. - Clickhouse - Arquitetura Modular","robots":{"index":"index","follow":"follow","max-snippet":"max-snippet:-1","max-image-preview":"max-image-preview:large","max-video-preview":"max-video-preview:-1"},"canonical":"https:\/\/clickhouse.pt\/es\/as-vantagens-do-revestimento-em-cortica\/","og_locale":"es_ES","og_type":"article","og_title":"[ES] As vantagens do revestimento em corti\u00e7a. - Clickhouse - Arquitetura Modular","og_description":"A corti\u00e7a\u00a0est\u00e1 a ser\u00a0cada vez mais usada na\u00a0constru\u00e7\u00e3o e na reabilita\u00e7\u00e3o urbana. Lu\u00eds Gil, engenheiro qu\u00edmico e especialista em tecnologia da corti\u00e7a \u2013 h\u00e1 mais de 30 anos que a ...","og_url":"https:\/\/clickhouse.pt\/es\/as-vantagens-do-revestimento-em-cortica\/","og_site_name":"Clickhouse - Arquitetura Modular","article_publisher":"https:\/\/www.facebook.com\/www.clickhouse.pt\/","article_published_time":"2021-06-18T13:00:56+00:00","article_modified_time":"2023-01-12T19:29:19+00:00","og_image":[{"width":960,"height":720,"url":"https:\/\/clickhouse.pt\/wp-content\/uploads\/2022\/12\/76695250_2878756618815079_2081421811127418880_n.jpg","type":"image\/jpeg"}],"author":"simaaocruz","twitter_card":"summary_large_image","twitter_misc":{"Escrito por":"simaaocruz","Tiempo de lectura":"3 minutos"},"schema":{"@context":"https:\/\/schema.org","@graph":[{"@type":"Article","@id":"https:\/\/clickhouse.pt\/es\/as-vantagens-do-revestimento-em-cortica\/#article","isPartOf":{"@id":"https:\/\/clickhouse.pt\/es\/as-vantagens-do-revestimento-em-cortica\/"},"author":{"name":"simaaocruz","@id":"https:\/\/clickhouse.pt\/#\/schema\/person\/6f118a45afd106e90f7a3e5e2fb11a6a"},"headline":"[ES] As vantagens do revestimento em corti\u00e7a.","datePublished":"2021-06-18T13:00:56+00:00","dateModified":"2023-01-12T19:29:19+00:00","mainEntityOfPage":{"@id":"https:\/\/clickhouse.pt\/es\/as-vantagens-do-revestimento-em-cortica\/"},"wordCount":574,"commentCount":0,"publisher":{"@id":"https:\/\/clickhouse.pt\/#organization"},"articleSection":["Sin categorizar"],"inLanguage":"","potentialAction":[{"@type":"CommentAction","name":"Comment","target":["https:\/\/clickhouse.pt\/es\/as-vantagens-do-revestimento-em-cortica\/#respond"]}]},{"@type":"WebPage","@id":"https:\/\/clickhouse.pt\/es\/as-vantagens-do-revestimento-em-cortica\/","url":"https:\/\/clickhouse.pt\/es\/as-vantagens-do-revestimento-em-cortica\/","name":"[ES] As vantagens do revestimento em corti\u00e7a. - Clickhouse - Arquitetura Modular","isPartOf":{"@id":"https:\/\/clickhouse.pt\/#website"},"datePublished":"2021-06-18T13:00:56+00:00","dateModified":"2023-01-12T19:29:19+00:00","breadcrumb":{"@id":"https:\/\/clickhouse.pt\/es\/as-vantagens-do-revestimento-em-cortica\/#breadcrumb"},"inLanguage":"","potentialAction":[{"@type":"ReadAction","target":["https:\/\/clickhouse.pt\/es\/as-vantagens-do-revestimento-em-cortica\/"]}]},{"@type":"BreadcrumbList","@id":"https:\/\/clickhouse.pt\/es\/as-vantagens-do-revestimento-em-cortica\/#breadcrumb","itemListElement":[{"@type":"ListItem","position":1,"name":"In\u00edcio","item":"https:\/\/clickhouse.pt\/es\/"},{"@type":"ListItem","position":2,"name":"[ES] As vantagens do revestimento em corti\u00e7a."}]},{"@type":"WebSite","@id":"https:\/\/clickhouse.pt\/#website","url":"https:\/\/clickhouse.pt\/","name":"Clickhouse - Arquitetura Modular","description":"Casasa Modulares","publisher":{"@id":"https:\/\/clickhouse.pt\/#organization"},"potentialAction":[{"@type":"SearchAction","target":{"@type":"EntryPoint","urlTemplate":"https:\/\/clickhouse.pt\/?s={search_term_string}"},"query-input":"required name=search_term_string"}],"inLanguage":""},{"@type":"Organization","@id":"https:\/\/clickhouse.pt\/#organization","name":"Clickhouse - Arquitetura Modular","url":"https:\/\/clickhouse.pt\/","logo":{"@type":"ImageObject","inLanguage":"","@id":"https:\/\/clickhouse.pt\/#\/schema\/logo\/image\/","url":"https:\/\/clickhouse.pt\/wp-content\/uploads\/2022\/12\/clickhouse_full_desktop_logo.png","contentUrl":"https:\/\/clickhouse.pt\/wp-content\/uploads\/2022\/12\/clickhouse_full_desktop_logo.png","width":270,"height":116,"caption":"Clickhouse - Arquitetura Modular"},"image":{"@id":"https:\/\/clickhouse.pt\/#\/schema\/logo\/image\/"},"sameAs":["https:\/\/www.youtube.com\/channel\/UCODADD6kbJcv807t962udLQ","https:\/\/www.facebook.com\/www.clickhouse.pt\/"]},{"@type":"Person","@id":"https:\/\/clickhouse.pt\/#\/schema\/person\/6f118a45afd106e90f7a3e5e2fb11a6a","name":"simaaocruz","image":{"@type":"ImageObject","inLanguage":"","@id":"https:\/\/clickhouse.pt\/#\/schema\/person\/image\/","url":"https:\/\/secure.gravatar.com\/avatar\/f0f6ccc71c8d98d211a03000beb6d4ccb768b733507872b22a38113f0264eb7e?s=96&d=mm&r=g","contentUrl":"https:\/\/secure.gravatar.com\/avatar\/f0f6ccc71c8d98d211a03000beb6d4ccb768b733507872b22a38113f0264eb7e?s=96&d=mm&r=g","caption":"simaaocruz"},"sameAs":["http:\/\/development.clickhouse.pt"],"url":"https:\/\/clickhouse.pt\/es\/author\/simaaocruz\/"}]}},"_links":{"self":[{"href":"https:\/\/clickhouse.pt\/es\/wp-json\/wp\/v2\/posts\/986","targetHints":{"allow":["GET"]}}],"collection":[{"href":"https:\/\/clickhouse.pt\/es\/wp-json\/wp\/v2\/posts"}],"about":[{"href":"https:\/\/clickhouse.pt\/es\/wp-json\/wp\/v2\/types\/post"}],"author":[{"embeddable":true,"href":"https:\/\/clickhouse.pt\/es\/wp-json\/wp\/v2\/users\/1"}],"replies":[{"embeddable":true,"href":"https:\/\/clickhouse.pt\/es\/wp-json\/wp\/v2\/comments?post=986"}],"version-history":[{"count":0,"href":"https:\/\/clickhouse.pt\/es\/wp-json\/wp\/v2\/posts\/986\/revisions"}],"wp:featuredmedia":[{"embeddable":true,"href":"https:\/\/clickhouse.pt\/es\/wp-json\/wp\/v2\/media\/764"}],"wp:attachment":[{"href":"https:\/\/clickhouse.pt\/es\/wp-json\/wp\/v2\/media?parent=986"}],"wp:term":[{"taxonomy":"category","embeddable":true,"href":"https:\/\/clickhouse.pt\/es\/wp-json\/wp\/v2\/categories?post=986"},{"taxonomy":"post_tag","embeddable":true,"href":"https:\/\/clickhouse.pt\/es\/wp-json\/wp\/v2\/tags?post=986"}],"curies":[{"name":"wp","href":"https:\/\/api.w.org\/{rel}","templated":true}]}}